{"id":683,"date":"2023-11-10T17:01:32","date_gmt":"2023-11-10T16:01:32","guid":{"rendered":"https:\/\/csp5.fr\/?p=683"},"modified":"2023-11-10T17:01:33","modified_gmt":"2023-11-10T16:01:33","slug":"toussaint-2023","status":"publish","type":"post","link":"https:\/\/csp5.fr\/index.php\/2023\/11\/10\/toussaint-2023\/","title":{"rendered":"Toussaint 2023"},"content":{"rendered":"\n<p>&nbsp; &nbsp;En c\u00e9l\u00e9brant la Toussaint, l&#8217;Eglise nous redit que nous sommes tous appel\u00e9s \u00e0 la saintet\u00e9. D&#8217;o\u00f9 l&#8217;extr\u00eame importance de comprendre aussi bien que possible ce qu&#8217;est un saint ou en quoi consiste la saintet\u00e9.<\/p>\n\n\n\n<p>&nbsp;&nbsp;&nbsp;&nbsp; Qu&#8217;est-ce qu&#8217;un saint ? R\u00e9ponse spontan\u00e9e d&#8217;un adulte : un personnage exceptionnel, canonis\u00e9, qui fait l&#8217;objet d&#8217;un culte. R\u00e9ponse d\u00e9licieuse d&#8217;un enfant \u00e0 cette m\u00eame question : les saints sont de grandes statues en pl\u00e2tre, debout, sur un pi\u00e9destal.<\/p>\n\n\n\n<p>&nbsp;&nbsp;&nbsp;&nbsp; Si vous consid\u00e9rez la litt\u00e9rature pieuse et de pure d\u00e9votion particuli\u00e8rement peu cr\u00e9dible, on dira que les saints r\u00e9v\u00e8lent leur vocation exceptionnelle d\u00e8s leur plus tendre enfance et m\u00eame parfois avant leur naissance. Mais la saintet\u00e9 officiellement reconnue d\u00e9bute au IVe si\u00e8cle. Au commencement \u00e9taient les martyrs\u2026 Tout au long de l&#8217;histoire, les crit\u00e8res ont \u00e9volu\u00e9 selon les papes et selon les p\u00e9riodes. La reconnaissance de la saintet\u00e9 fut d&#8217;abord populaire, vox populi, vox Dei. Elle fut ensuite \u00e9piscopale, puis enfin papale. Et le terme &#8220;canonis\u00e9&#8221; n&#8217;appara\u00eet qu&#8217;au d\u00e9but du XIe si\u00e8cle (1016).<\/p>\n\n\n\n<p>&nbsp;&nbsp;&nbsp;&nbsp; Il y a aussi une g\u00e9ographie de la saintet\u00e9 canonis\u00e9e et des politiques de canonisation. Depuis quelques ann\u00e9es, par exemple, dans la ligne de la promotion du la\u00efcat suscit\u00e9e par Vatican II, Rome se pr\u00e9occupe davantage de la canonisation de saints la\u00efcs.<\/p>\n\n\n\n<p>&nbsp;&nbsp;&nbsp;&nbsp; Cette histoire ne manque pas de surprises. Ainsi, Jeanne d&#8217;Arc, jug\u00e9e d&#8217;abord par une centaine de pr\u00e9lats et de th\u00e9ologiens, qui l&#8217;ont condamn\u00e9e \u00e0 \u00eatre br\u00fbl\u00e9e vive, apr\u00e8s avoir th\u00e9ologiquement \u00e9tabli qu&#8217;elle \u00e9tait &#8211; selon les termes m\u00eames de l&#8217;\u00e9poque &#8211; : &#8220;menteresse, abuseresse du peuple, blasph\u00e9meresse de Dieu, idol\u00e2tre, cruelle, dissolue, invocateresse de diables, h\u00e9r\u00e9tique et schismatique&#8221;. Elle fut cependant b\u00e9atifi\u00e9e en 1909 et canonis\u00e9e en 1920. Comme l&#8217;\u00e9crivait un historien : &#8220;Port\u00e9e au b\u00fbcher au nom de l&#8217;orthodoxie, elle a \u00e9t\u00e9 ensuite port\u00e9e sur les autels au nom de l&#8217;orthodoxie&#8221;.<\/p>\n\n\n\n<p>&nbsp;&nbsp;&nbsp;&nbsp; Tout cela n&#8217;est pas sans int\u00e9r\u00eat. Mais ce qui doit surtout nous int\u00e9resser aujourd&#8217;hui c&#8217;est la saintet\u00e9 ordinaire. Il y a les h\u00e9ros, il y a aussi les fantassins. C&#8217;est cette saintet\u00e9 qui nous concerne tous et directement, parce qu&#8217;il s&#8217;agit d&#8217;abord et avant tout d&#8217;une vocation commune.<\/p>\n\n\n\n<p>&nbsp;&nbsp;&nbsp;&nbsp; Strictement, Dieu seul est saint. La Bible le proclame et le r\u00e9p\u00e8te. Mais elle proclame et r\u00e9p\u00e8te aussi au nom du Seigneur : &#8220;Vous serez saints, parce que je suis saint&#8221;. Ou encore : &#8220;Soyez saints, car je suis saint&#8221;, &#8220;Sanctifiez-vous et soyez saints&#8221;, &#8220;Soyez parfaits, comme votre P\u00e8re c\u00e9leste est parfait&#8221;, dira J\u00e9sus. Et S. Paul : &#8220;Dieu nous \u00e9duque pour nous communiquer sa saintet\u00e9&#8221;.<\/p>\n\n\n\n<p>&nbsp;&nbsp;&nbsp;&nbsp; Si par la foi, qui est un amour, nous entrons en communication avec Dieu qui est saintet\u00e9 parfaite, celle-ci se communiquera \u00e0 nous dans la mesure m\u00eame o\u00f9 grandira notre communion avec lui. &#8220;Dis-moi qui tu hantes, et je te dirai qui tu es&#8221;. Plus nous nous laissons envahir par l&#8217;Esprit de Dieu, et donc du Christ, plus nous lui sommes fid\u00e8les, plus nous lui ressemblons, plus nous progressons en saintet\u00e9.<\/p>\n\n\n\n<p>&nbsp;&nbsp;&nbsp;&nbsp; La vocation normale du chr\u00e9tien n&#8217;est pas de se contenter de ce qui est strictement n\u00e9cessaire ou prescrit. La foi est un dynamisme d&#8217;amour. Sa qualit\u00e9 se juge \u00e0 la qualit\u00e9 de la communion et de ce qui en d\u00e9coule dans le comportement personnel et social.<\/p>\n\n\n\n<p>&nbsp;&nbsp;&nbsp;&nbsp; Tout combat qui nous fait sortir de la m\u00e9diocrit\u00e9 est croissance de la saintet\u00e9. Elle est une union toujours plus grande \u00e0 Dieu dans le Christ, et donc une participation de plus en plus consciente \u00e0 la vie de J\u00e9sus.<\/p>\n\n\n\n<p>&nbsp;&nbsp;&nbsp;&nbsp; Ce qui veut dire aussi que nous ne sommes pas tous appel\u00e9s \u00e0 la m\u00eame saintet\u00e9, c&#8217;est-\u00e0-dire au m\u00eame type d&#8217;union au Christ, ni \u00e0 la m\u00eame pl\u00e9nitude de vie chr\u00e9tienne, ou \u00e0 la m\u00eame perfection de la charit\u00e9. Est saint ou sainte, celui ou celle qui, dans les limites de ses caract\u00e9ristiques propres, de ses qualit\u00e9s et des circonstances personnelles, s&#8217;ouvre \u00e0 la Bonne Nouvelle et se conforme au Christ.<\/p>\n\n\n\n<p>&nbsp;&nbsp;&nbsp;&nbsp; Il est donc totalement faux de croire que les saints canonis\u00e9s par l&#8217;Eglise le sont \u00e0 cause de gr\u00e2ces extraordinaires, comme le don de miracles et de proph\u00e9tie, ou des faveurs mystiques sp\u00e9ciales. Les saints ne sont pas non plus des totalement &#8220;parfaits&#8221;. En fait, il n&#8217;y a pas de diff\u00e9rence essentielle entre la saintet\u00e9 h\u00e9ro\u00efque et la saintet\u00e9 commune. Ce sont des hommes et des femmes qui s&#8217;efforcent au jour le jour et en tout d&#8217;\u00eatre fid\u00e8les \u00e0 l&#8217;amour de Dieu et du prochain. Il y eut des saints, m\u00eame canonis\u00e9s, de temp\u00e9rament un peu rude pour eux et pour les autres. J\u2019ajouterai: Parfois, ce ne sont pas les saints que l&#8217;on devrait canoniser, mais ceux qui vivent avec eux\u2026 N\u2019est-ce pas tr\u00e8s r\u00e9confortant pour nous.<\/p>\n\n\n\n<p>&nbsp;&nbsp;&nbsp;&nbsp; Mgr Fulton Sheen, un grand spirituel qui fut archev\u00eaque de New York, affirmait tout simplement : &#8220;L&#8217;homme de Dieu ne d\u00e9pense pas plus d&#8217;\u00e9nergie pour vivre en saint que n&#8217;en d\u00e9pensent le directeur d&#8217;une agence de publicit\u00e9, un athl\u00e8te ou une femme qui veut \u00e0 tout prix rester jeune et mince. La diff\u00e9rence r\u00e9side seulement dans le sens des valeurs&#8221;. C&#8217;est donc \u00e0 la port\u00e9e de tous.<\/p>\n\n\n\n<p>C&#8217;est dans la c\u00e9l\u00e9bration de la Sainte Messe que nous constituons par excellence le peuple saint, celui qui est rassembl\u00e9 par l&#8217;amour et qui le rayonne dans la vie quotidienne. Amen<\/p>\n","protected":false},"excerpt":{"rendered":"<p>&nbsp; &nbsp;En c\u00e9l\u00e9brant la Toussaint, l&#8217;Eglise nous redit que nous sommes tous appel\u00e9s \u00e0 la saintet\u00e9. D&#8217;o\u00f9 l&#8217;extr\u00eame importance de comprendre aussi bien que possible ce qu&#8217;est un saint ou [&hellip;]<\/p>\n","protected":false},"author":4,"featured_media":26,"comment_status":"open","ping_status":"open","sticky":false,"template":"","format":"standard","meta":[],"categories":[1],"tags":[],"_links":{"self":[{"href":"https:\/\/csp5.fr\/index.php\/wp-json\/wp\/v2\/posts\/683"}],"collection":[{"href":"https:\/\/csp5.fr\/index.php\/wp-json\/wp\/v2\/posts"}],"about":[{"href":"https:\/\/csp5.fr\/index.php\/wp-json\/wp\/v2\/types\/post"}],"author":[{"embeddable":true,"href":"https:\/\/csp5.fr\/index.php\/wp-json\/wp\/v2\/users\/4"}],"replies":[{"embeddable":true,"href":"https:\/\/csp5.fr\/index.php\/wp-json\/wp\/v2\/comments?post=683"}],"version-history":[{"count":1,"href":"https:\/\/csp5.fr\/index.php\/wp-json\/wp\/v2\/posts\/683\/revisions"}],"predecessor-version":[{"id":684,"href":"https:\/\/csp5.fr\/index.php\/wp-json\/wp\/v2\/posts\/683\/revisions\/684"}],"wp:featuredmedia":[{"embeddable":true,"href":"https:\/\/csp5.fr\/index.php\/wp-json\/wp\/v2\/media\/26"}],"wp:attachment":[{"href":"https:\/\/csp5.fr\/index.php\/wp-json\/wp\/v2\/media?parent=683"}],"wp:term":[{"taxonomy":"category","embeddable":true,"href":"https:\/\/csp5.fr\/index.php\/wp-json\/wp\/v2\/categories?post=683"},{"taxonomy":"post_tag","embeddable":true,"href":"https:\/\/csp5.fr\/index.php\/wp-json\/wp\/v2\/tags?post=683"}],"curies":[{"name":"wp","href":"https:\/\/api.w.org\/{rel}","templated":true}]}}