{"id":679,"date":"2023-11-10T16:57:52","date_gmt":"2023-11-10T15:57:52","guid":{"rendered":"https:\/\/csp5.fr\/?p=679"},"modified":"2023-11-10T16:58:50","modified_gmt":"2023-11-10T15:58:50","slug":"20eme-dimanche-apres-la-pentecote-2023","status":"publish","type":"post","link":"https:\/\/csp5.fr\/index.php\/2023\/11\/10\/20eme-dimanche-apres-la-pentecote-2023\/","title":{"rendered":"20\u00e8me dimanche apr\u00e8s la Pentec\u00f4te 2023"},"content":{"rendered":"\n<p>&nbsp; &nbsp;Nous venons d\u2019entendre l\u2019\u00e9vangile du Centurion. Aussi, aujourd\u2019hui je voudrais vous poser une interrogation sur la place de la pri\u00e8re dans notre vie. Pourquoi doit-elle \u00eatre si grande&nbsp;?&#8230;Pourquoi faut-il prier&nbsp;?&#8230;<\/p>\n\n\n\n<p>&nbsp;&nbsp; C\u2019est bien simple&nbsp;! Il faut prier d\u2019abord parce que Dieu est Dieu et que nous ne sommes que des hommes, ses cr\u00e9atures. Des \u00eatres qui ont tout re\u00e7u&nbsp;: la vie, le mouvement, l\u2019\u00eatre\u2026Des gens qui ont tout re\u00e7u et qui ont besoin de tout. A chaque instant et toujours&nbsp;! Indigents de salut plus encore que de tout le reste\u2026La demande constante est le signe m\u00eame de notre condition, de notre d\u00e9pendance absolue sur tous les plans. Et la louange, aussi n\u00e9cessaire que continue, ne pourra jamais \u00e9galer l\u2019ampleur du don re\u00e7u.<\/p>\n\n\n\n<p>&nbsp;&nbsp; Comme chr\u00e9tiens, il faut aussi prier, parce que le Seigneur J\u00e9sus nous a demand\u00e9 de le faire. De le faire sans jamais nous lasser. A l\u2019image de la veuve aupr\u00e8s du juge corrompu ou de l\u2019ami importun qui ne craint pas de d\u00e9ranger m\u00eame en pleine nuit. A l\u2019image de J\u00e9sus lui-m\u00eame qu\u2019on voit se retirer sur la montagne et passer la nuit \u00e0 prier Dieu. Comme il sait que c\u2019est difficile, il nous a m\u00eame appris comment prier et nous a laiss\u00e9 la plus belle de toutes les pri\u00e8res\u2026<\/p>\n\n\n\n<p>&nbsp;&nbsp; Toujours comme chr\u00e9tiens, il faut encore prier parce que si nous pr\u00e9tendons \u00eatre les enfants du P\u00e8re, les amis de J\u00e9sus, et que nous ne trouvons jamais un moment pour le passer en leur compagnie, nous nous trompons nous-m\u00eames sur la qualit\u00e9 de notre amour. Que penser d\u2019un ami qui n\u2019aurait jamais le temps de sortir en compagnie de son ami&nbsp;?&#8230;Alors qu\u2019il est pourtant l\u00e0, qu\u2019il se tient \u00e0 la porte et qu\u2019il frappe et qu\u2019il ne veut qu\u2019une chose&nbsp;: manger avec nous, parler avec nous de tout et de rien, comme un ami le fait avec son ami\u2026<\/p>\n\n\n\n<p>&nbsp;&nbsp; Nous avons encore une nouvelle raison de prier&nbsp;: l\u2019exemple des saints&nbsp;: St Dominique, St Beno\u00eet, et bien d\u2019autres \u00e9videmment qui suivaient l\u2019exemple de J\u00e9sus, passant leurs nuits en pri\u00e8re et nous laissant des gestes d\u2019homme qui exprimaient la pri\u00e8re de leur c\u0153ur. Mais il ne s\u2019agit pas d\u2019une simple mimique&nbsp;! Que nous soyons pr\u00eatres, religieux ou simples la\u00efcs, notre parole ne saurait avoir sa v\u00e9rit\u00e9, sa densit\u00e9, que si elle est nourrie d\u2019une m\u00e9ditation \u2018croyante\u2019, il va de soi, et prolong\u00e9e. Une m\u00e9ditation o\u00f9 le c\u0153ur doit entrer tout autant que l\u2019intelligence si nous voulons inviter sans provoquer, partager sans imposer, offrir sans blesser\u2026<\/p>\n\n\n\n<p>&nbsp;&nbsp; Il faut prier enfin comme tous les croyants. Comme croyants membres d\u2019une communion qui d\u00e9passe de beaucoup les limites perceptibles \u00e0 l\u2019\u0153il nu de l\u2019Eglise catholique. Comme des gens \u00e9cras\u00e9s par la mis\u00e8re du monde et qui savent qu\u2019au-del\u00e0 de tout ce que nous pouvons faire &#8211; comme les combattants que Mo\u00efse soutenait de sa pri\u00e8re &#8211; le salut ne se trouve qu\u2019en Dieu seul. Comme des gens assoiff\u00e9s de justice et de paix et qui, \u00e0 d\u00e9faut de pouvoir agir autrement, savent que le combat de la pri\u00e8re reste la seule arme pour obtenir de Dieu qu\u2019il tienne enfin la promesse du Magnificat et qu\u2019il mette fin \u00e0 l\u2019\u00e9crasement des pauvres par les riches, des faibles par ceux qui ont la puissance et la force, et qui ferment leurs oreilles \u00e0 la voix des malheureux &#8211; au nom de leur bon droit\u2026<\/p>\n\n\n\n<p>&nbsp;&nbsp; Dieu ne baisse pas les bras. Ce sont ceux de Mo\u00efse qui se fatiguent&nbsp;! Dieu ne baisse pas les bras. Mais nous&nbsp;?&#8230; Prenons-nous les moyens de tenir les bras dress\u00e9s vers le ciel&nbsp;?&#8230; Amen<\/p>\n","protected":false},"excerpt":{"rendered":"<p>&nbsp; &nbsp;Nous venons d\u2019entendre l\u2019\u00e9vangile du Centurion. Aussi, aujourd\u2019hui je voudrais vous poser une interrogation sur la place de la pri\u00e8re dans notre vie. Pourquoi doit-elle \u00eatre si grande&nbsp;?&#8230;Pourquoi faut-il [&hellip;]<\/p>\n","protected":false},"author":4,"featured_media":26,"comment_status":"open","ping_status":"open","sticky":false,"template":"","format":"standard","meta":[],"categories":[1],"tags":[],"_links":{"self":[{"href":"https:\/\/csp5.fr\/index.php\/wp-json\/wp\/v2\/posts\/679"}],"collection":[{"href":"https:\/\/csp5.fr\/index.php\/wp-json\/wp\/v2\/posts"}],"about":[{"href":"https:\/\/csp5.fr\/index.php\/wp-json\/wp\/v2\/types\/post"}],"author":[{"embeddable":true,"href":"https:\/\/csp5.fr\/index.php\/wp-json\/wp\/v2\/users\/4"}],"replies":[{"embeddable":true,"href":"https:\/\/csp5.fr\/index.php\/wp-json\/wp\/v2\/comments?post=679"}],"version-history":[{"count":1,"href":"https:\/\/csp5.fr\/index.php\/wp-json\/wp\/v2\/posts\/679\/revisions"}],"predecessor-version":[{"id":680,"href":"https:\/\/csp5.fr\/index.php\/wp-json\/wp\/v2\/posts\/679\/revisions\/680"}],"wp:featuredmedia":[{"embeddable":true,"href":"https:\/\/csp5.fr\/index.php\/wp-json\/wp\/v2\/media\/26"}],"wp:attachment":[{"href":"https:\/\/csp5.fr\/index.php\/wp-json\/wp\/v2\/media?parent=679"}],"wp:term":[{"taxonomy":"category","embeddable":true,"href":"https:\/\/csp5.fr\/index.php\/wp-json\/wp\/v2\/categories?post=679"},{"taxonomy":"post_tag","embeddable":true,"href":"https:\/\/csp5.fr\/index.php\/wp-json\/wp\/v2\/tags?post=679"}],"curies":[{"name":"wp","href":"https:\/\/api.w.org\/{rel}","templated":true}]}}