{"id":530,"date":"2022-12-19T10:12:12","date_gmt":"2022-12-19T09:12:12","guid":{"rendered":"https:\/\/csp5.fr\/?p=530"},"modified":"2022-12-19T10:12:14","modified_gmt":"2022-12-19T09:12:14","slug":"4eme-dimanche-de-lavent-2022","status":"publish","type":"post","link":"https:\/\/csp5.fr\/index.php\/2022\/12\/19\/4eme-dimanche-de-lavent-2022\/","title":{"rendered":"4\u00e8me dimanche de l&#8217;Avent 2022"},"content":{"rendered":"\n<p>&nbsp;&nbsp; Quand Adam re\u00e7ut la vie des mains de Dieu, il d\u00e9tenait une nature humaine tr\u00e8s \u00e9lev\u00e9e en perfections de toutes sortes et par-dessus tout sur\u00e9lev\u00e9e par la gr\u00e2ce sanctifiante. Nous avons vu qu\u2019il l\u2019a fait d\u00e9choir en la s\u00e9parant de Dieu, il l\u2019a d\u00e9couronn\u00e9e, bless\u00e9e, non seulement pour lui mais pour tous ses enfants. D\u00e9sormais et pour toujours c\u2019est une nature, dans ce nouvel \u00e9tat de d\u00e9ch\u00e9ance, qui sera transmise par la g\u00e9n\u00e9ration. Ainsi le p\u00e9ch\u00e9 commis par l\u2019unique p\u00e8re du genre humain, le p\u00e9ch\u00e9 d\u2019Adam, passe in\u00e9luctablement en chacun de ses enfants. Ainsi nous a-t-il d\u00e9tourn\u00e9s de Dieu dans notre nature m\u00eame qui n\u2019est plus en \u00e9tat de l\u2019aimer comme il convient.<\/p>\n\n\n\n<p>&nbsp;&nbsp; Et devant cette situation irr\u00e9m\u00e9diable en elle-m\u00eame et par elle-m\u00eame vont se dresser la mis\u00e9ricorde et l\u2019indulgence de Dieu. Il parle \u00e0 Adam et \u00e0 Eve promettant cette post\u00e9rit\u00e9 victorieuse qui \u00e9craserait la t\u00eate de Satan. Et le doux temps arrive de nouveau pour nous o\u00f9 nous revivons cette merveille. Nous l\u2019avons chant\u00e9 \u00ab&nbsp;Cieux r\u00e9pandez d\u2019en haut votre ros\u00e9e et que les nu\u00e9es fassent pleuvoir le JUSTE. Que la terre s\u2019ouvre et qu\u2019elle germe le SAUVEUR.&nbsp;\u00bb<\/p>\n\n\n\n<p>\u00ab&nbsp;Qu\u2019il soit anath\u00e8me celui qui soutient qu\u2019un tel p\u00e9ch\u00e9 puisse \u00eatre enlev\u00e9 par les forces de la nature humaine ou par un autre rem\u00e8de que par le m\u00e9rite de l\u2019unique m\u00e9diateur, Notre Seigneur J\u00e9sus-Christ, qui nous a r\u00e9concili\u00e9s \u00e0 Dieu dans son sang, ayant \u00e9t\u00e9 fait pour nous justice, sanctification et r\u00e9demption.&nbsp;\u00bb (Concile de Trente)<\/p>\n\n\n\n<p>&nbsp;&nbsp; \u00ab&nbsp;R\u00e9jouis-toi, Adam, notre P\u00e8re&nbsp;!&nbsp;\u00bb C\u2019est par ces paroles, par cette injonction de St Bernard que nous introduirons notre No\u00ebl, cette ann\u00e9e&nbsp;! Oui car il a plu \u00e0 Dieu de prendre occasion du p\u00e9ch\u00e9 d\u2019Adam pour nous donner son propre Fils et avec lui toutes les autres grandeurs ins\u00e9parables de l\u2019Incarnation r\u00e9demptrice.<\/p>\n\n\n\n<p>&nbsp;&nbsp; Sans doute, notre sensibilit\u00e9 se r\u00e9voltera-t-elle toujours devant la souffrance, les souffrances qui d\u00e9rivent pour nous de la faute originelle. Sans doute jusqu\u2019\u00e0 un certain point le mal restera-t-il une \u00e9nigme m\u00eame pour les croyants. Sans doute regretterons-nous la perte de la justice originelle et de ses avantages incontestables. Mais cela, d\u00e9finitivement, est vain. Ce qui est vrai et ce \u00e0 quoi il nous faut nous rallier c\u2019est au chant de l\u2019Exultet de la Nuit Pascale qui proclame \u00ab&nbsp;\u00f4 p\u00e9ch\u00e9 d\u2019Adam certainement n\u00e9cessaire, \u00f4 heureuse faute qui a m\u00e9rit\u00e9 d\u2019avoir un tel et si grand R\u00e9dempteur&nbsp;!&nbsp;\u00bb<\/p>\n\n\n\n<p>&nbsp;&nbsp; \u00ab&nbsp;La seule aspiration qui convienne est de tendre vers Dieu de tout notre amour, dans notre \u00e9tat de chute et de r\u00e9demption&nbsp;; car notre nature est coupable en Adam et justifi\u00e9e en J\u00e9sus-Christ&nbsp;; terriblement d\u00e9chue et plus admirablement relev\u00e9e&nbsp;; g\u00e2t\u00e9e au jardin d\u2019Eden et r\u00e9par\u00e9e au jardin des Oliviers et sur la colline du Calvaire&nbsp;; bless\u00e9e par l\u2019orgueil et gu\u00e9rie par l\u2019ob\u00e9issance du Fils de Dieu jusqu\u2019\u00e0 la mort.&nbsp;\u00bb<\/p>\n\n\n\n<p>\u00ab&nbsp;R\u00e9jouis-toi, Adam, notre P\u00e8re&nbsp;!&nbsp;\u00bb Et nous \u00e9voquerons quelques-unes des grandeurs que nous a valu cette faute pourtant d\u00e9testable mais porteuse de si \u00e9clatants t\u00e9moignages d\u2019amour de la part de Dieu&nbsp;:<\/p>\n\n\n\n<p>-l\u2019histoire de sa sollicitude pour le petit peuple \u00e9lu qu\u2019on appelle \u00e0 bon droit l\u2019Histoire Sainte.<\/p>\n\n\n\n<p>-les soupirs et les promesses des saints patriarches et des saints proph\u00e8tes.<\/p>\n\n\n\n<p>-la femme b\u00e9nie entre toutes, la seule pr\u00e9serv\u00e9e de la faute pernicieuse, la Toute Pure, l\u2019Immacul\u00e9e Vierge Marie.<\/p>\n\n\n\n<p>&#8211; le myst\u00e8re inconcevable de la Sainte Incarnation.<\/p>\n\n\n\n<p>-l\u2019Eglise, M\u00e8re et \u00e9ducatrice des Saints.<\/p>\n\n\n\n<p>-l\u2019ardeur des ap\u00f4tres, la charit\u00e9 des martyrs, la fid\u00e9lit\u00e9 des vierges, le courage pers\u00e9v\u00e9rant des chr\u00e9tiens fervents, les larmes de la p\u00e9nitence, la dignit\u00e9 et le pouvoir des pr\u00eatres.<\/p>\n\n\n\n<p>-le jour bienheureux du second Av\u00e8nement de notre Sauveur dans sa Gloire o\u00f9 ceux qui auront cru en le Seigneur J\u00e9sus et pratiqu\u00e9 sa Loi seront glorifi\u00e9s en Lui, nouvel Adam, et transfigur\u00e9s \u00e0 jamais.<\/p>\n\n\n\n<p>&nbsp;&nbsp; \u00ab&nbsp;R\u00e9jouis-toi, Adam, notre P\u00e8re&nbsp;!&nbsp;\u00bb R\u00e9jouissez-vous, r\u00e9jouissons-nous, mes fr\u00e8res&nbsp;! car il est beau que nous ayons \u00e9t\u00e9 aim\u00e9s de cette mani\u00e8re et que dans une semaine, de nouveau, apparaissent \u00e0 nos yeux \u00e9blouis et \u00e0 nos \u00e2mes transport\u00e9es, la b\u00e9nignit\u00e9 et l\u2019humanit\u00e9 de notre Dieu Sauveur. \u00ab&nbsp;Mon c\u0153ur et ma chair d\u00e9faillent, \u00f4 Dieu de mon c\u0153ur&nbsp;\u00bb dit le psaume. Et St Bernard d\u2019ajouter \u00ab&nbsp;Oui, je le d\u00e9clare bienheureux et saint, celui \u00e0 qui il a \u00e9t\u00e9 donn\u00e9 d\u2019\u00e9prouver quelque chose de semblable en cette vie mortelle, ne fut-ce que rarement ou m\u00eame une fois, \u00e0 la d\u00e9rob\u00e9e, l\u2019espace d\u2019un instant.&nbsp;\u00bb Que No\u00ebl vous apporte cet instant, Amen&nbsp;!<\/p>\n","protected":false},"excerpt":{"rendered":"<p>&nbsp;&nbsp; Quand Adam re\u00e7ut la vie des mains de Dieu, il d\u00e9tenait une nature humaine tr\u00e8s \u00e9lev\u00e9e en perfections de toutes sortes et par-dessus tout sur\u00e9lev\u00e9e par la gr\u00e2ce sanctifiante. [&hellip;]<\/p>\n","protected":false},"author":4,"featured_media":528,"comment_status":"open","ping_status":"open","sticky":false,"template":"","format":"standard","meta":[],"categories":[1],"tags":[],"_links":{"self":[{"href":"https:\/\/csp5.fr\/index.php\/wp-json\/wp\/v2\/posts\/530"}],"collection":[{"href":"https:\/\/csp5.fr\/index.php\/wp-json\/wp\/v2\/posts"}],"about":[{"href":"https:\/\/csp5.fr\/index.php\/wp-json\/wp\/v2\/types\/post"}],"author":[{"embeddable":true,"href":"https:\/\/csp5.fr\/index.php\/wp-json\/wp\/v2\/users\/4"}],"replies":[{"embeddable":true,"href":"https:\/\/csp5.fr\/index.php\/wp-json\/wp\/v2\/comments?post=530"}],"version-history":[{"count":1,"href":"https:\/\/csp5.fr\/index.php\/wp-json\/wp\/v2\/posts\/530\/revisions"}],"predecessor-version":[{"id":531,"href":"https:\/\/csp5.fr\/index.php\/wp-json\/wp\/v2\/posts\/530\/revisions\/531"}],"wp:featuredmedia":[{"embeddable":true,"href":"https:\/\/csp5.fr\/index.php\/wp-json\/wp\/v2\/media\/528"}],"wp:attachment":[{"href":"https:\/\/csp5.fr\/index.php\/wp-json\/wp\/v2\/media?parent=530"}],"wp:term":[{"taxonomy":"category","embeddable":true,"href":"https:\/\/csp5.fr\/index.php\/wp-json\/wp\/v2\/categories?post=530"},{"taxonomy":"post_tag","embeddable":true,"href":"https:\/\/csp5.fr\/index.php\/wp-json\/wp\/v2\/tags?post=530"}],"curies":[{"name":"wp","href":"https:\/\/api.w.org\/{rel}","templated":true}]}}