{"id":235,"date":"2021-09-14T10:27:54","date_gmt":"2021-09-14T08:27:54","guid":{"rendered":"http:\/\/csp5.fr\/?p=235"},"modified":"2021-09-14T10:27:55","modified_gmt":"2021-09-14T08:27:55","slug":"16eme-dimanche-apres-la-pentecote-2021","status":"publish","type":"post","link":"https:\/\/csp5.fr\/index.php\/2021\/09\/14\/16eme-dimanche-apres-la-pentecote-2021\/","title":{"rendered":"16\u00e8me dimanche apr\u00e8s la Pentec\u00f4te 2021"},"content":{"rendered":"\n<p>Voyant\n comment les Pharisiens choisissaient les premi\u00e8res places, J\u00e9sus voulut\n leur faire comprendre la maladie spirituelle dont ils \u00e9taient atteints \net les engager ainsi \u00e0 en chercher la gu\u00e9rison. Il gu\u00e9rit d\u2019abord dans \nce but un malheureux hydropique, enfl\u00e9 par la maladie, puis il chercha, \nen voilant la le\u00e7on sous une parabole, \u00e0 gu\u00e9rir l\u2019enflure spirituelle \ndont, comme tant d\u2019autres, les invit\u00e9s qu\u2019il avait sous les yeux \nn\u2019\u00e9taient que trop atteints.<\/p>\n\n\n\n<p>\u00a0\u00a0  Le monde est livr\u00e9 \u00e0 toutes les exaltations et \u00e0 toutes les  infatuations de l\u2019orgueil, alors que l\u2019humilit\u00e9 est la condition absolue  de l\u2019entr\u00e9e dans le royaume de Dieu. Cette vertu que l\u2019Eglise nous  inculque dans l\u2019oraison, en disant que la gr\u00e2ce de Dieu doit toujours  nous pr\u00e9venir et nous accompagner en tout et partout, St Paul l\u2019enseigne  d\u2019une mani\u00e8re puissante aux chr\u00e9tiens dans l\u2019\u00e9p\u00eetre de ce jour. Sans  aucun m\u00e9rite de notre part, explique l\u2019Ap\u00f4tre aux Eph\u00e9siens, mais  uniquement pour que nous servions \u00e0 la louange de sa gloire, Dieu nous a  \u00e9lu dans le Christ. Alors que nous \u00e9tions enfants de col\u00e8re, le  Tout-Puissant, qui est riche en mis\u00e9ricorde, \u00e0 cause de l\u2019amour extr\u00eame  dont il nous a aim\u00e9s, nous a rendu la vie en J\u00e9sus. Pa\u00efens et \u00e9trangers  aux alliances faites par Dieu avec Isra\u00ebl, nous avons \u00e9t\u00e9 rapproch\u00e9s  dans le sang du Sauveur, car c\u2019est lui qui est notre paix, qui des deux  peuples n\u2019en fait qu\u2019un, et par qui nous avons acc\u00e8s les uns et les  autres dans un m\u00eame Esprit aupr\u00e8s du P\u00e8re. Nous ne sommes donc plus des  \u00e9trangers, mais des membres de la famille divine. Rien de tout cela ne  vient de nous, mais c\u2019est l\u2019\u0153uvre de Dieu, afin que nul ne s\u2019en attribue  la gloire.<\/p>\n\n\n\n<p>\u00a0\u00a0  \u00ab\u00a0Va, mets-toi \u00e0 la derni\u00e8re place\u00a0\u00bb, ne veut pas dire que le sup\u00e9rieur  doive se mettre au-dessous de ses subordonn\u00e9s, ni exposer sa dignit\u00e9  au m\u00e9pris\u00a0; il doit se rappeler cette parole des Livres Saints\u00a0: \u00ab\u00a0Plus  tu es grand, plus tu dois te montrer humble en toutes choses et tu  trouveras gr\u00e2ce devant Dieu\u00a0\u00bb. <em>(Eccl\u00e9siastique 3, 20)<\/em><\/p>\n\n\n\n<p>\u00a0\u00a0  L\u2019orgueil, dit St Tomas d\u2019Aquin, est un vice par lequel l\u2019homme cherche  \u00e0 s\u2019\u00e9lever contre la droite raison au-dessus de ce qu\u2019il est\u00a0;  l\u2019orgueil est bas\u00e9 sur l\u2019erreur et l\u2019illusion. L\u2019humilit\u00e9 au contraire a  pour fondement la v\u00e9rit\u00e9\u00a0; c\u2019est une vertu qui temp\u00e8re et r\u00e9fr\u00e8ne  l\u2019\u00e2me, afin qu\u2019elle ne s\u2019\u00e9l\u00e8ve pas au-dessus <em>(super)<\/em> de ce qu\u2019elle est en r\u00e9alit\u00e9 (d\u2019o\u00f9 le nom de <em>superbe<\/em>  donn\u00e9 \u00e0 l\u2019orgueil). L\u2019\u00e2me humble accepte, en toute soumission, la  v\u00e9ritable place qui lui revient et qui est celle que Dieu, v\u00e9rit\u00e9  supr\u00eame et infaillible lui assigne. L\u2019humilit\u00e9 dans les paroles,  l\u2019humilit\u00e9 dans les actions, l\u2019humilit\u00e9 dans le support des \u00e9preuves et  des contradictions, c\u2019est la vertu que Job nous enseigne par toute sa  vie et que le Christ nous recommande dans l\u2019\u00e9vangile de ce dimanche.<\/p>\n\n\n\n<p>\u00a0  Et, comme il l\u2019a fait pour Job, le Seigneur, un jour, pourra dire \u00e0  chacun de nous \u00ab\u00a0Mon ami, montez plus haut\u00a0\u00bb. Et ce sera un honneur pour  nous devant les autres convives de la noce. <em>(Ant. du Magnificat) <\/em>Amen <\/p>\n\n\n\n<p>http:\/\/communaute-saint-piev-des-hautes-alpes.over-blog.com\/2021\/09\/16eme-dimanche-apres-la-pentecote-2021.html?utm_source=_ob_email&#038;utm_medium=_ob_notification&#038;utm_campaign=_ob_pushmail<\/p>\n","protected":false},"excerpt":{"rendered":"<p>Voyant comment les Pharisiens choisissaient les premi\u00e8res places, J\u00e9sus voulut leur faire comprendre la maladie spirituelle dont ils \u00e9taient atteints et les engager ainsi \u00e0 en chercher la gu\u00e9rison. Il [&hellip;]<\/p>\n","protected":false},"author":4,"featured_media":195,"comment_status":"open","ping_status":"open","sticky":false,"template":"","format":"standard","meta":[],"categories":[1],"tags":[],"_links":{"self":[{"href":"https:\/\/csp5.fr\/index.php\/wp-json\/wp\/v2\/posts\/235"}],"collection":[{"href":"https:\/\/csp5.fr\/index.php\/wp-json\/wp\/v2\/posts"}],"about":[{"href":"https:\/\/csp5.fr\/index.php\/wp-json\/wp\/v2\/types\/post"}],"author":[{"embeddable":true,"href":"https:\/\/csp5.fr\/index.php\/wp-json\/wp\/v2\/users\/4"}],"replies":[{"embeddable":true,"href":"https:\/\/csp5.fr\/index.php\/wp-json\/wp\/v2\/comments?post=235"}],"version-history":[{"count":1,"href":"https:\/\/csp5.fr\/index.php\/wp-json\/wp\/v2\/posts\/235\/revisions"}],"predecessor-version":[{"id":236,"href":"https:\/\/csp5.fr\/index.php\/wp-json\/wp\/v2\/posts\/235\/revisions\/236"}],"wp:featuredmedia":[{"embeddable":true,"href":"https:\/\/csp5.fr\/index.php\/wp-json\/wp\/v2\/media\/195"}],"wp:attachment":[{"href":"https:\/\/csp5.fr\/index.php\/wp-json\/wp\/v2\/media?parent=235"}],"wp:term":[{"taxonomy":"category","embeddable":true,"href":"https:\/\/csp5.fr\/index.php\/wp-json\/wp\/v2\/categories?post=235"},{"taxonomy":"post_tag","embeddable":true,"href":"https:\/\/csp5.fr\/index.php\/wp-json\/wp\/v2\/tags?post=235"}],"curies":[{"name":"wp","href":"https:\/\/api.w.org\/{rel}","templated":true}]}}